{"id":1149,"date":"2022-11-27T16:07:43","date_gmt":"2022-11-27T15:07:43","guid":{"rendered":"https:\/\/www.palazzomagnani.it\/mag\/?p=1149"},"modified":"2025-05-14T19:26:31","modified_gmt":"2025-05-14T17:26:31","slug":"esibire-lindicibile","status":"publish","type":"post","link":"https:\/\/www.palazzomagnani.it\/mag\/esibire-lindicibile\/","title":{"rendered":"Esibire l&#8217;indicibile"},"content":{"rendered":"\n<p>Alla mostra &#8220;<strong><a rel=\"noreferrer noopener\" href=\"https:\/\/www.palazzomagnani.it\/exhibition\/larte-inquieta\/\" target=\"_blank\">L&#8217;Arte Inquieta. L&#8217;urgenza della creazione<\/a><\/strong>&#8221; l&#8217;<strong>Azienda USL IRCCS <\/strong>di Reggio Emilia partecipa con molte opere custodite dall&#8217;<strong>Archivio del San Lazzaro<\/strong>, espressioni straordinarie e pensose di bellezza proveniente dal manicomio. <\/p>\n\n\n\n<p>Questa mostra \u00e8 importante per noi e ringrazio la <strong>Fondazione di Palazzo Magnani<\/strong>, il Direttore <strong>Davide Zanichelli<\/strong>, l&#8217;Assessora <strong>Annalisa Rabitti<\/strong>, <strong>Silvia Cavalchi<\/strong>, i curatori <strong>Giorgio Bedoni<\/strong>, <strong>Claudio Spadoni<\/strong> e <strong>Johann Feilacher<\/strong> e le tante altre persone che vi hanno contribuito. \u00c8 importante perch\u00e9 valorizza il ricco patrimonio dell\u2019Archivio del San Lazzaro di Reggio Emilia. Contribuiamo con oltre 50 opere con parecchi inediti: soprattutto il nucleo di scritti e disegni dei ricoverati trovati in cartella nel corso della schedatura che stiamo portando avanti. Su questi in particolare \u00e8 in corso uno studio paleografico, tentato per la prima volta su materiali di un ex ospedale psichiatrico. L&#8217;Ausl si \u00e8 sempre fatta carico della conservazione di questi materiali e negli ultimi anni sta continuando un importante lavoro di catalogazione e inventariazione che ci ha permesso di individuare e selezionare le opere. Desidero menzionare come manager e magistra di questo lavoro per Ausl <strong>Chiara Bombardieri<\/strong>, ma voglio ringraziare anche <strong>Alessandro Gazzotti<\/strong>, responsabile delle collezioni dei <strong>Musei Civici<\/strong>, che segue questo progetto da cinque anni e <strong>Adelaide Ricci<\/strong>, che sta conducendo lo studio sulle calligrafie.<\/p>\n\n\n\n<figure class=\"wp-block-image alignfull size-full\"><img loading=\"lazy\" decoding=\"async\" width=\"1920\" height=\"1282\" src=\"https:\/\/www.palazzomagnani.it\/mag\/wp-content\/uploads\/2022\/11\/Larte-inquieta_installation-views_Palazzo-Magnani_\u00a9-Matteo-Losurdo-Kublaiklan-7.jpg\" alt=\"\" class=\"wp-image-1191\" srcset=\"https:\/\/www.palazzomagnani.it\/mag\/wp-content\/uploads\/2022\/11\/Larte-inquieta_installation-views_Palazzo-Magnani_\u00a9-Matteo-Losurdo-Kublaiklan-7.jpg 1920w, https:\/\/www.palazzomagnani.it\/mag\/wp-content\/uploads\/2022\/11\/Larte-inquieta_installation-views_Palazzo-Magnani_\u00a9-Matteo-Losurdo-Kublaiklan-7-300x200.jpg 300w, https:\/\/www.palazzomagnani.it\/mag\/wp-content\/uploads\/2022\/11\/Larte-inquieta_installation-views_Palazzo-Magnani_\u00a9-Matteo-Losurdo-Kublaiklan-7-1024x684.jpg 1024w, https:\/\/www.palazzomagnani.it\/mag\/wp-content\/uploads\/2022\/11\/Larte-inquieta_installation-views_Palazzo-Magnani_\u00a9-Matteo-Losurdo-Kublaiklan-7-768x513.jpg 768w, https:\/\/www.palazzomagnani.it\/mag\/wp-content\/uploads\/2022\/11\/Larte-inquieta_installation-views_Palazzo-Magnani_\u00a9-Matteo-Losurdo-Kublaiklan-7-1536x1026.jpg 1536w\" sizes=\"auto, (max-width: 1920px) 100vw, 1920px\" \/><figcaption><em>Ph. Matteo Losurdo &#8211; Kublaiklan<\/em><\/figcaption><\/figure>\n\n\n\n<p>Un Archivio conserva materiali perch\u00e9 siano riscoperti, non \u00e8 un sarcofago ma \u00e8 una casa di ricordi vivi, un po&#8217; come quando si guardano le foto di una relazione per riattualizzarne la storia. Questa mostra \u00e8 importante per noi perch\u00e9 consente di rendere questi ricordi presenti, vivi, nel dialogo con le istituzioni e la cittadinanza. Sono ricordi particolari in quanto sono a tutti gli effetti artefatti, opere d\u2019arte che documentano storie personali e collettive, fantasmi, sofferenze, speranze di autori che ci hanno consegnato un lascito molto prezioso. Prezioso fintantoch\u00e9 lo si sappia illuminare come si fa con gemme che non possono brillare al buio e che appunto hanno bisogno di essere scoperte, spolverate, illuminate sapientemente, lette, esposte, mostrate, esibite. \u00c8 questo che avviene oggi. <\/p>\n\n\n\n<figure class=\"wp-block-image alignfull size-full\"><img loading=\"lazy\" decoding=\"async\" width=\"1920\" height=\"1282\" src=\"https:\/\/www.palazzomagnani.it\/mag\/wp-content\/uploads\/2022\/11\/Larte-inquieta_pareti_Palazzo-Magnani_\u00a9-Matteo-Losurdo-Kublaiklan-48.jpg\" alt=\"\" class=\"wp-image-1188\" srcset=\"https:\/\/www.palazzomagnani.it\/mag\/wp-content\/uploads\/2022\/11\/Larte-inquieta_pareti_Palazzo-Magnani_\u00a9-Matteo-Losurdo-Kublaiklan-48.jpg 1920w, https:\/\/www.palazzomagnani.it\/mag\/wp-content\/uploads\/2022\/11\/Larte-inquieta_pareti_Palazzo-Magnani_\u00a9-Matteo-Losurdo-Kublaiklan-48-300x200.jpg 300w, https:\/\/www.palazzomagnani.it\/mag\/wp-content\/uploads\/2022\/11\/Larte-inquieta_pareti_Palazzo-Magnani_\u00a9-Matteo-Losurdo-Kublaiklan-48-1024x684.jpg 1024w, https:\/\/www.palazzomagnani.it\/mag\/wp-content\/uploads\/2022\/11\/Larte-inquieta_pareti_Palazzo-Magnani_\u00a9-Matteo-Losurdo-Kublaiklan-48-768x513.jpg 768w, https:\/\/www.palazzomagnani.it\/mag\/wp-content\/uploads\/2022\/11\/Larte-inquieta_pareti_Palazzo-Magnani_\u00a9-Matteo-Losurdo-Kublaiklan-48-1536x1026.jpg 1536w\" sizes=\"auto, (max-width: 1920px) 100vw, 1920px\" \/><figcaption><em>Ph. Matteo Losurdo &#8211; Kublaiklan<\/em><\/figcaption><\/figure>\n\n\n\n<p>Questa mostra \u00e8 importante per noi perch\u00e9 la scelta di dare valore a questi segni risponde a dei valori di testimonianza, di <strong>compassione<\/strong> e di <strong>riflessione<\/strong>. Di testimonianza di un mondo, quello manicomiale, dell\u2019istituzione totale, che \u00e8 stato per migliaia di persone luogo di vita dove secondo parametri paradossali si occultava la diversit\u00e0, si annientava l\u2019individualit\u00e0 e nello stesso tempo si rinchiudeva e a volte custodiva la fragilit\u00e0. Queste opere sono l\u2019eccezione alla regola del silenzio e del buio. Esibire questi documenti \u00e8 liberatorio e per certi versi riparatore. <\/p>\n\n\n\n<p>L\u2019inquietudine unita alla bellezza che esprimono le opere del San Lazzaro risuona con l&#8217;inquietudine di noi spettatori che aspettano e sperano di diventare autori di tempi migliori, in tempi cos\u00ec travagliati. Il gesto creativo che ha mosso queste opere allora era in s\u00e9 eversivo in quanto evadeva la noia infinita dei giorni tutti uguali. Ci ricorda <strong>l\u2019importanza di non restare muti<\/strong>, l\u2019obbligo di trovare forme di comunicazione per esprimere l\u2019indicibile, di non quietarsi e accontentarsi ma di essere incoercibilmente indomiti, irriducibili e, alla fine vitali e non disperati.<\/p>\n\n\n\n<p>Scegliere le opere del San Lazzaro di questa mostra \u00e8 soffiare su braci che covano sotto la cenere. Sono braci incendiarie in quanto ci obbligano a pensare, illuminano temi esistenziali universali e ci toccano con la stessa urgenza che le ha promosse. Stimolano una compassione, sentirsi uniti dalla stessa emozione, alla stessa umanit\u00e0. Alcune sono emozioni angosciate e angoscianti ma prima di tutto ci ricordano <strong>la necessit\u00e0 che le persone hanno di lasciare un segno<\/strong>, anche nelle situazioni pi\u00f9 estreme. Le braci possono diventare torce, il carboncino combusto pu\u00f2 diventare tratto. I segni lasciati vanno illuminati e letti, raccolti. Questa mostra ci insegna l\u2019importanza di farlo e ci insegna a farlo.<\/p>\n\n\n\n<figure class=\"wp-block-image size-large\"><img loading=\"lazy\" decoding=\"async\" width=\"684\" height=\"1024\" src=\"https:\/\/www.palazzomagnani.it\/mag\/wp-content\/uploads\/2022\/11\/Larte-inquieta_preview_Palazzo-Magnani_\u00a9-Matteo-Losurdo-Kublaiklan-7-684x1024.jpg\" alt=\"\" class=\"wp-image-1180\" srcset=\"https:\/\/www.palazzomagnani.it\/mag\/wp-content\/uploads\/2022\/11\/Larte-inquieta_preview_Palazzo-Magnani_\u00a9-Matteo-Losurdo-Kublaiklan-7-684x1024.jpg 684w, https:\/\/www.palazzomagnani.it\/mag\/wp-content\/uploads\/2022\/11\/Larte-inquieta_preview_Palazzo-Magnani_\u00a9-Matteo-Losurdo-Kublaiklan-7-200x300.jpg 200w, https:\/\/www.palazzomagnani.it\/mag\/wp-content\/uploads\/2022\/11\/Larte-inquieta_preview_Palazzo-Magnani_\u00a9-Matteo-Losurdo-Kublaiklan-7-768x1151.jpg 768w, https:\/\/www.palazzomagnani.it\/mag\/wp-content\/uploads\/2022\/11\/Larte-inquieta_preview_Palazzo-Magnani_\u00a9-Matteo-Losurdo-Kublaiklan-7-1025x1536.jpg 1025w, https:\/\/www.palazzomagnani.it\/mag\/wp-content\/uploads\/2022\/11\/Larte-inquieta_preview_Palazzo-Magnani_\u00a9-Matteo-Losurdo-Kublaiklan-7.jpg 1068w\" sizes=\"auto, (max-width: 684px) 100vw, 684px\" \/><figcaption><em>Ph. Matteo Losurdo &#8211; Kublaiklan<\/em><\/figcaption><\/figure>\n","protected":false},"excerpt":{"rendered":"<p>Alla mostra &#8220;L&#8217;Arte Inquieta. L&#8217;urgenza della creazione&#8221; l&#8217;Azienda USL IRCCS di Reggio Emilia partecipa con molte opere custodite dall&#8217;Archivio del San Lazzaro, espressioni straordinarie e&#8230;<\/p>\n","protected":false},"author":14,"featured_media":1153,"comment_status":"open","ping_status":"closed","sticky":false,"template":"","format":"standard","meta":{"footnotes":""},"categories":[22],"tags":[48,49],"class_list":["post-1149","post","type-post","status-publish","format-standard","has-post-thumbnail","hentry","category-costruire","tag-arte-inquieta","tag-san-lazzaro"],"_links":{"self":[{"href":"https:\/\/www.palazzomagnani.it\/mag\/wp-json\/wp\/v2\/posts\/1149","targetHints":{"allow":["GET"]}}],"collection":[{"href":"https:\/\/www.palazzomagnani.it\/mag\/wp-json\/wp\/v2\/posts"}],"about":[{"href":"https:\/\/www.palazzomagnani.it\/mag\/wp-json\/wp\/v2\/types\/post"}],"author":[{"embeddable":true,"href":"https:\/\/www.palazzomagnani.it\/mag\/wp-json\/wp\/v2\/users\/14"}],"replies":[{"embeddable":true,"href":"https:\/\/www.palazzomagnani.it\/mag\/wp-json\/wp\/v2\/comments?post=1149"}],"version-history":[{"count":15,"href":"https:\/\/www.palazzomagnani.it\/mag\/wp-json\/wp\/v2\/posts\/1149\/revisions"}],"predecessor-version":[{"id":1193,"href":"https:\/\/www.palazzomagnani.it\/mag\/wp-json\/wp\/v2\/posts\/1149\/revisions\/1193"}],"wp:featuredmedia":[{"embeddable":true,"href":"https:\/\/www.palazzomagnani.it\/mag\/wp-json\/wp\/v2\/media\/1153"}],"wp:attachment":[{"href":"https:\/\/www.palazzomagnani.it\/mag\/wp-json\/wp\/v2\/media?parent=1149"}],"wp:term":[{"taxonomy":"category","embeddable":true,"href":"https:\/\/www.palazzomagnani.it\/mag\/wp-json\/wp\/v2\/categories?post=1149"},{"taxonomy":"post_tag","embeddable":true,"href":"https:\/\/www.palazzomagnani.it\/mag\/wp-json\/wp\/v2\/tags?post=1149"}],"curies":[{"name":"wp","href":"https:\/\/api.w.org\/{rel}","templated":true}]}}