{"id":1253,"date":"2023-02-19T10:13:46","date_gmt":"2023-02-19T09:13:46","guid":{"rendered":"https:\/\/www.palazzomagnani.it\/mag\/?p=1253"},"modified":"2025-05-14T19:26:20","modified_gmt":"2025-05-14T17:26:20","slug":"ars-canusina-lintuizione-della-salutogenesi","status":"publish","type":"post","link":"https:\/\/www.palazzomagnani.it\/mag\/ars-canusina-lintuizione-della-salutogenesi\/","title":{"rendered":"Ars Canusina, l&#8217;intuizione della Salutogenesi"},"content":{"rendered":"\n<p><em>Nel novembre del 2019 La Fondazione Palazzo Magnani ha prodotto una mostra sull\u2019ornamento,&nbsp;<strong><a rel=\"noreferrer noopener\" href=\"https:\/\/www.palazzomagnani.it\/exhibition\/what-a-wonderful-world\/\" target=\"_blank\">What a Wonderful World. La lunga storia dell\u2019ornamento tra arte e natura<\/a><\/strong>, spaziando dalle scienze naturali, all\u2019antropologia, all\u2019arte, fino alle scienze sociali. Uno dei nuclei dell\u2019esposizione \u2013 e dei motivi specifici che ne hanno determinato la produzione proprio a Reggio Emilia \u2013 riguardava l\u2019esperienza dell\u2019<strong>Ars Canusina<\/strong>. Negli anni \u201930 del Novecento, una psichiatra reggiana,&nbsp;<strong>Maria Bertolani Del Rio<\/strong>, inaugurava una nuova esperienza di ergoterapia, a favore degli ospiti della <a rel=\"noreferrer noopener\" href=\"https:\/\/www.musei.re.it\/collezioni\/museo-di-storia-della-psichiatria\/seconda-sala-le-tematiche\/7040-2\/\" target=\"_blank\">Colonia \u201cAntonio Marro\u201d<\/a>, ragazzi e ragazzi \u201cfrenastenici emendabili\u201d, cio\u00e8 in grado di conquistare spazi di autonomia. L\u2019intuizione della Del Rio consent\u00ec ai ragazzi di lavorare alla produzione di oggetti di artigianato artistico (ricamo, ceramica, decorazione) a partire dalle forme e dai motivi ornamentali delle architetture romaniche e medievali, ancora visibili nelle pievi e nei castelli di epoca matildica (\u201ccanusina\u201d deriva, appunto, dalla contessa Matilde di Canossa). Con grande e crescente meraviglia, la Del Rio annot\u00f2 i grandi progressi conseguiti dai suoi ragazzi, proprio grazie alla combinazione terapeutica del lavoro manuale e della forma artistica: \u00abSembra che una fiamma \u2013 scriveva sulla Rivista di Freniatria \u2013 tenuta accesa nella stirpe attraverso generazioni e generazioni ma affievolita e quasi invisibile, ora si ravvivi e brilli di nuovo splendore. Nonostante i danni della malattia, l\u2019attrattiva per il lavoro artistico, il piacere della creazione individuale, agisce come uno stimolo potente e fa raggiungere risultati insperati.\u00bb<br>Quello che segue, con alcune integrazioni, \u00e8 il mio contributo alla giornata di studi \u201cEmilia Romagna Ricamo\u201d, Corte Bebbi, Bibbiano (RE), 6 ottobre 2018<\/em>.<\/p>\n\n\n\n<figure class=\"wp-block-gallery alignwide columns-3 is-cropped wp-block-gallery-1 is-layout-flex wp-block-gallery-is-layout-flex\"><ul class=\"blocks-gallery-grid\"><li class=\"blocks-gallery-item\"><figure><a href=\"https:\/\/www.palazzomagnani.it\/mag\/wp-content\/uploads\/2023\/02\/ars_canusina_copertina.jpeg\"><img loading=\"lazy\" decoding=\"async\" width=\"1024\" height=\"720\" src=\"https:\/\/www.palazzomagnani.it\/mag\/wp-content\/uploads\/2023\/02\/ars_canusina_copertina-1024x720.jpeg\" alt=\"\" data-id=\"1282\" data-full-url=\"https:\/\/www.palazzomagnani.it\/mag\/wp-content\/uploads\/2023\/02\/ars_canusina_copertina.jpeg\" data-link=\"https:\/\/www.palazzomagnani.it\/mag\/ars-canusina-lintuizione-della-salutogenesi\/ars_canusina_copertina\/\" class=\"wp-image-1282\" srcset=\"https:\/\/www.palazzomagnani.it\/mag\/wp-content\/uploads\/2023\/02\/ars_canusina_copertina-1024x720.jpeg 1024w, https:\/\/www.palazzomagnani.it\/mag\/wp-content\/uploads\/2023\/02\/ars_canusina_copertina-300x211.jpeg 300w, https:\/\/www.palazzomagnani.it\/mag\/wp-content\/uploads\/2023\/02\/ars_canusina_copertina-768x540.jpeg 768w, https:\/\/www.palazzomagnani.it\/mag\/wp-content\/uploads\/2023\/02\/ars_canusina_copertina.jpeg 1355w\" sizes=\"auto, (max-width: 1024px) 100vw, 1024px\" \/><\/a><figcaption class=\"blocks-gallery-item__caption\">Ars Canusina, copertina del catalogo<\/figcaption><\/figure><\/li><li class=\"blocks-gallery-item\"><figure><a href=\"https:\/\/www.palazzomagnani.it\/mag\/wp-content\/uploads\/2023\/02\/ars_canusina3.jpeg\"><img loading=\"lazy\" decoding=\"async\" width=\"938\" height=\"507\" src=\"https:\/\/www.palazzomagnani.it\/mag\/wp-content\/uploads\/2023\/02\/ars_canusina3.jpeg\" alt=\"\" data-id=\"1283\" data-full-url=\"https:\/\/www.palazzomagnani.it\/mag\/wp-content\/uploads\/2023\/02\/ars_canusina3.jpeg\" data-link=\"https:\/\/www.palazzomagnani.it\/mag\/ars-canusina-lintuizione-della-salutogenesi\/ars_canusina3\/\" class=\"wp-image-1283\" srcset=\"https:\/\/www.palazzomagnani.it\/mag\/wp-content\/uploads\/2023\/02\/ars_canusina3.jpeg 938w, https:\/\/www.palazzomagnani.it\/mag\/wp-content\/uploads\/2023\/02\/ars_canusina3-300x162.jpeg 300w, https:\/\/www.palazzomagnani.it\/mag\/wp-content\/uploads\/2023\/02\/ars_canusina3-768x415.jpeg 768w\" sizes=\"auto, (max-width: 938px) 100vw, 938px\" \/><\/a><figcaption class=\"blocks-gallery-item__caption\">Ars Canusina, alcune forme del catalogo<\/figcaption><\/figure><\/li><li class=\"blocks-gallery-item\"><figure><a href=\"https:\/\/www.palazzomagnani.it\/mag\/wp-content\/uploads\/2023\/02\/ars_canusina_copertina2.jpeg\"><img loading=\"lazy\" decoding=\"async\" width=\"1024\" height=\"684\" src=\"https:\/\/www.palazzomagnani.it\/mag\/wp-content\/uploads\/2023\/02\/ars_canusina_copertina2-1024x684.jpeg\" alt=\"\" data-id=\"1287\" data-full-url=\"https:\/\/www.palazzomagnani.it\/mag\/wp-content\/uploads\/2023\/02\/ars_canusina_copertina2.jpeg\" data-link=\"https:\/\/www.palazzomagnani.it\/mag\/ars-canusina-lintuizione-della-salutogenesi\/ars_canusina_copertina2\/\" class=\"wp-image-1287\" srcset=\"https:\/\/www.palazzomagnani.it\/mag\/wp-content\/uploads\/2023\/02\/ars_canusina_copertina2-1024x684.jpeg 1024w, https:\/\/www.palazzomagnani.it\/mag\/wp-content\/uploads\/2023\/02\/ars_canusina_copertina2-300x200.jpeg 300w, https:\/\/www.palazzomagnani.it\/mag\/wp-content\/uploads\/2023\/02\/ars_canusina_copertina2-768x513.jpeg 768w, https:\/\/www.palazzomagnani.it\/mag\/wp-content\/uploads\/2023\/02\/ars_canusina_copertina2-1536x1026.jpeg 1536w, https:\/\/www.palazzomagnani.it\/mag\/wp-content\/uploads\/2023\/02\/ars_canusina_copertina2.jpeg 2048w\" sizes=\"auto, (max-width: 1024px) 100vw, 1024px\" \/><\/a><figcaption class=\"blocks-gallery-item__caption\">Ars Canusina<\/figcaption><\/figure><\/li><li class=\"blocks-gallery-item\"><figure><a href=\"https:\/\/www.palazzomagnani.it\/mag\/wp-content\/uploads\/2023\/02\/ars_canusina_ricamo.jpeg\"><img loading=\"lazy\" decoding=\"async\" width=\"1024\" height=\"684\" src=\"https:\/\/www.palazzomagnani.it\/mag\/wp-content\/uploads\/2023\/02\/ars_canusina_ricamo-1024x684.jpeg\" alt=\"\" data-id=\"1286\" data-full-url=\"https:\/\/www.palazzomagnani.it\/mag\/wp-content\/uploads\/2023\/02\/ars_canusina_ricamo.jpeg\" data-link=\"https:\/\/www.palazzomagnani.it\/mag\/ars-canusina-lintuizione-della-salutogenesi\/ars_canusina_ricamo\/\" class=\"wp-image-1286\" srcset=\"https:\/\/www.palazzomagnani.it\/mag\/wp-content\/uploads\/2023\/02\/ars_canusina_ricamo-1024x684.jpeg 1024w, https:\/\/www.palazzomagnani.it\/mag\/wp-content\/uploads\/2023\/02\/ars_canusina_ricamo-300x200.jpeg 300w, https:\/\/www.palazzomagnani.it\/mag\/wp-content\/uploads\/2023\/02\/ars_canusina_ricamo-768x513.jpeg 768w, https:\/\/www.palazzomagnani.it\/mag\/wp-content\/uploads\/2023\/02\/ars_canusina_ricamo-1536x1025.jpeg 1536w, https:\/\/www.palazzomagnani.it\/mag\/wp-content\/uploads\/2023\/02\/ars_canusina_ricamo.jpeg 2048w\" sizes=\"auto, (max-width: 1024px) 100vw, 1024px\" \/><\/a><figcaption class=\"blocks-gallery-item__caption\">Ars Canusina<\/figcaption><\/figure><\/li><li class=\"blocks-gallery-item\"><figure><a href=\"https:\/\/www.palazzomagnani.it\/mag\/wp-content\/uploads\/2023\/02\/ars_canusina.jpeg\"><img loading=\"lazy\" decoding=\"async\" width=\"1024\" height=\"699\" src=\"https:\/\/www.palazzomagnani.it\/mag\/wp-content\/uploads\/2023\/02\/ars_canusina-1024x699.jpeg\" alt=\"\" data-id=\"1288\" data-full-url=\"https:\/\/www.palazzomagnani.it\/mag\/wp-content\/uploads\/2023\/02\/ars_canusina.jpeg\" data-link=\"https:\/\/www.palazzomagnani.it\/mag\/ars-canusina-lintuizione-della-salutogenesi\/ars_canusina\/\" class=\"wp-image-1288\" srcset=\"https:\/\/www.palazzomagnani.it\/mag\/wp-content\/uploads\/2023\/02\/ars_canusina-1024x699.jpeg 1024w, https:\/\/www.palazzomagnani.it\/mag\/wp-content\/uploads\/2023\/02\/ars_canusina-300x205.jpeg 300w, https:\/\/www.palazzomagnani.it\/mag\/wp-content\/uploads\/2023\/02\/ars_canusina-768x524.jpeg 768w, https:\/\/www.palazzomagnani.it\/mag\/wp-content\/uploads\/2023\/02\/ars_canusina.jpeg 1406w\" sizes=\"auto, (max-width: 1024px) 100vw, 1024px\" \/><\/a><figcaption class=\"blocks-gallery-item__caption\">Ars Canusina<\/figcaption><\/figure><\/li><li class=\"blocks-gallery-item\"><figure><a href=\"https:\/\/www.palazzomagnani.it\/mag\/wp-content\/uploads\/2023\/02\/ars_canusina4.jpeg\"><img loading=\"lazy\" decoding=\"async\" width=\"799\" height=\"523\" src=\"https:\/\/www.palazzomagnani.it\/mag\/wp-content\/uploads\/2023\/02\/ars_canusina4.jpeg\" alt=\"\" data-id=\"1289\" data-full-url=\"https:\/\/www.palazzomagnani.it\/mag\/wp-content\/uploads\/2023\/02\/ars_canusina4.jpeg\" data-link=\"https:\/\/www.palazzomagnani.it\/mag\/ars-canusina-lintuizione-della-salutogenesi\/ars_canusina4\/\" class=\"wp-image-1289\" srcset=\"https:\/\/www.palazzomagnani.it\/mag\/wp-content\/uploads\/2023\/02\/ars_canusina4.jpeg 799w, https:\/\/www.palazzomagnani.it\/mag\/wp-content\/uploads\/2023\/02\/ars_canusina4-300x196.jpeg 300w, https:\/\/www.palazzomagnani.it\/mag\/wp-content\/uploads\/2023\/02\/ars_canusina4-768x503.jpeg 768w\" sizes=\"auto, (max-width: 799px) 100vw, 799px\" \/><\/a><figcaption class=\"blocks-gallery-item__caption\">Ars Canusina<\/figcaption><\/figure><\/li><\/ul><\/figure>\n\n\n\n<hr class=\"wp-block-separator has-text-color has-background has-black-background-color has-black-color is-style-dots\"\/>\n\n\n\n<p>Il contributo che vorrei portare in una giornata dedicata all\u2019Ars Canusina riguarda uno degli aspetti su cui, come Fondazione Palazzo Magnani, abbiamo inteso fondare una delle linee di lavoro per i prossimi anni: la relazione tra arte e salute, intesa nelle dimensioni individuale e sociale.<br>Sempre pi\u00f9 frequenti sono le occasioni di dibattito pubblico e gli studi scientifici sull\u2019impatto della cultura e dell\u2019arte sul benessere e la salute delle persone e delle comunit\u00e0. Le ultime edizioni della rassegna LuBeC (Lucca Beni Culturali), il numero monografico della rivista&nbsp;<em>Economia della Cultura<\/em>&nbsp;del febbraio 2017 (ed. Il Mulino), il&nbsp;<a rel=\"noreferrer noopener\" href=\"https:\/\/apps.who.int\/iris\/handle\/10665\/329834\" target=\"_blank\">recente rapporto<\/a>&nbsp;dell\u2019Organizzazione Mondiale della Sanit\u00e0&nbsp;<em>What is the evidence on the role of the arts in improving health and well-being?&nbsp;A scoping review<\/em>&nbsp;(OMS 2019) sono tutti segnali di una relazione ormai \u201csdoganata\u201d, anche dalle scienze statistiche che con sempre maggiore evidenza sottolineano la relazione inversamente proporzionale tra la possibilit\u00e0 di una comunit\u00e0 di godere di opportunit\u00e0 di crescita culturale e la sua esposizione a necessit\u00e0 di assistenza sociale o sanitaria.<br>Ritengo che uno degli aspetti pi\u00f9 interessanti di questa riscoperta (perch\u00e9 gi\u00e0 nell\u2019esperienza della Bertolani Del Rio stava questa consapevolezza) sia legata ad un altro \u201csdoganamento\u201d, quello della parola \u201c<strong>salutogenesi<\/strong>\u201d, fino a pochi anni fa relegata a contesti marchiati, a torto, dallo stigma della pseudoscienza.<\/p>\n\n\n\n<p>Devo alla lettura dei lavori della pediatra tedesca&nbsp;<strong>Michaela Gl\u00f6ckler<\/strong>&nbsp;e al suo contributo in&nbsp;<em>Salute, malattia e salutogenesi<\/em>&nbsp;(Weleda 2004) il mio primo contatto con il termine \u201csalutogenesi\u201d, introdotto attraverso una interpretazione economica dei fenomeni sociali. Ogni 50-60 anni secondo la teoria dell\u2019economista russo&nbsp;<strong>Nikolai Kondratieff<\/strong>&nbsp;(1892-1938) si susseguono come onde sinusoidali delle fasi di sviluppo economico innescate da innovazioni tecnologiche che aprono nuovi scenari: tra fine 700 e inizio 800 la macchina a vapore determin\u00f2 la nascita dell\u2019industria tessile, quindi la siderurgia e i trasporti di massa, poi l\u2019esplosione delle applicazioni delle scoperte elettromagnetiche e chimiche, l\u2019industria legata al petrolio e ai suoi derivati, fino alla rivoluzione informatica e telematica degli anni a cavallo tra i due millenni.<\/p>\n\n\n\n<figure class=\"wp-block-image size-large\"><img loading=\"lazy\" decoding=\"async\" width=\"800\" height=\"229\" src=\"https:\/\/www.palazzomagnani.it\/mag\/wp-content\/uploads\/2023\/02\/onde_kondratiev.png\" alt=\"\" class=\"wp-image-1260\" srcset=\"https:\/\/www.palazzomagnani.it\/mag\/wp-content\/uploads\/2023\/02\/onde_kondratiev.png 800w, https:\/\/www.palazzomagnani.it\/mag\/wp-content\/uploads\/2023\/02\/onde_kondratiev-300x86.png 300w, https:\/\/www.palazzomagnani.it\/mag\/wp-content\/uploads\/2023\/02\/onde_kondratiev-768x220.png 768w\" sizes=\"auto, (max-width: 800px) 100vw, 800px\" \/><\/figure>\n\n\n\n<p><strong>Cosa caratterizzer\u00e0 la sesta onda di Kondratieff?<\/strong> Secondo&nbsp;<strong>Leo Nefiodow<\/strong>&nbsp;non ci sono dubbi: saranno le tecnologie applicate al dominio della vita e le sue ricadute in termini di salute, generando uno sviluppo economico incentrato sull\u2019industria bio-farmaceutica e sui servizi orientati alla salute psico-sociale. <\/p>\n\n\n\n<blockquote class=\"wp-block-quote is-layout-flow wp-block-quote-is-layout-flow\"><p>Il sesto Kondratieff sar\u00e0 incentrato sulla salute. Ci\u00f2 significa che per la prima volta nella storia il focus dello sviluppo economico e sociale non sar\u00e0 una macchina, un processo chimico, una energia o una tecnologia, piuttosto sar\u00e0 l\u2019essere umano con i suoi bisogni <strong>fisici, mentali, psicologici, sociali, ecologici e spirituali<\/strong>. Dobbiamo lasciarci alle spalle le caratteristiche dei cicli precedenti. Ora al centro della scena c\u2019\u00e8 l\u2019essere umano. Questo \u00e8 il messaggio del sesto Kondratieff: la salute dell\u2019uomo \u00e8 il miglior programma per il futuro\u201d<br><br>(Leo e Simone Nefiodow,&nbsp;<em>The Sixth Kondratieff. The Growth Engine of the 21st Century<\/em>, 2014).<\/p><\/blockquote>\n\n\n\n<p>Secondo i calcoli dell\u2019OMS, se la dipendenza da droghe e da farmaci crescer\u00e0 al ritmo in cui \u00e8 cresciuta negli ultimi vent\u2019anni, nel 2100 il 50% della popolazione sar\u00e0 farmaco o tossicodipendente, una persona su due sar\u00e0 assuefatta all\u2019abuso di sostanze e avr\u00e0 pi\u00f9 o meno bisogno di aiuto. I 158.000 suicidi registrati negli USA nel 2017 e le 98 milioni di persone che hanno avuto prescrizioni di medicinali a base di oppioidi nel 2015 inducono il premio Nobel per l\u2019economia&nbsp;<strong>Angus Deaton<\/strong>&nbsp;(autore con Anne Case dello studio&nbsp;<em>Deaths of Despair and the Future of Capitalism<\/em>, Princeton University Press, 2020) a definire quella USA \u201cuna societ\u00e0 che non riesce pi\u00f9 a offrire ai suoi membri un ambiente nel quale essi possano&nbsp;<strong>vivere una vita dotata di senso<\/strong>\u201d.<\/p>\n\n\n\n<p>Proprio sul legame tra il senso e la salute pu\u00f2 esserci d\u2019aiuto l\u2019approccio salutogenico. Il paradigma attualmente dominante \u00e8 incentrato prevalentemente sulla patogenesi, sulla ricerca delle cause della malattia e alla loro eliminazione tramite una cura. Secondo il <strong>paradigma salutogenico<\/strong>, invece, la domanda fondamentale non riguarda le cause della malattia e la loro prevenzione, piuttosto indaga le <strong>fonti della salute<\/strong>, come si crea salute e come pu\u00f2 essere alimentata e rinforzata.<\/p>\n\n\n\n<p>Perch\u00e9 a parit\u00e0 di condizioni alcune persone si ammalano e altre no? Cosa rende persone con biografie anche molto \u201cpesanti\u201d pi\u00f9 sane di altre vissute in condizioni materiali oggettivamente migliori?<\/p>\n\n\n\n<p>Nel 1972 lo stato di Israele commission\u00f2 al dott.&nbsp;<strong>Aaron Antonovsky<\/strong>&nbsp;una valutazione dello stato psichico e fisico delle persone anziane. Al termine della sua indagine, con grande sorpresa, constat\u00f2 che tra le persone pi\u00f9 sane che aveva trovato vi erano anche diversi sopravvissuti all\u2019orrore dell\u2019olocausto. Come era possibile che chi aveva attraversato una delle esperienze pi\u00f9 devastanti sotto ogni punto di vista per un essere umano potesse ancora conservare e sviluppare salute, pi\u00f9 e meglio di altri che attraverso quell\u2019inferno non erano passati? Antonovsky individu\u00f2 la risposta nel <strong>senso di&nbsp;coerenza<\/strong>: tanto pi\u00f9 una persona ha sviluppato un forte senso di coerenza, di integrit\u00e0, di unit\u00e0 del suo essere, di autostima, tanto pi\u00f9 \u00e8 in grado di reagire positivamente a tutto ci\u00f2 che la vita gli porta incontro. Coerenza genera resilienza, cio\u00e8 la capacit\u00e0 reagire positivamente alle avversit\u00e0.<\/p>\n\n\n\n<p>Significative, in tal senso, la testimonianza di <strong>Viktor Frankl<\/strong>, psichiatra e filosofo austriaco sopravvissuto alla deportazione in quattro lager nazisti, o la poesia lasciataci da\u00a0<strong>Lodovico Belgiojoso<\/strong>\u00a0(1909-2003), architetto tra i protagonisti dello sviluppo della Milano del dopoguerra, autore del progetto della Torre Velasca. Antifascista, fu preso e portato a Mauthausen con il collega Banfi e con il fratello del designer Albe Steiner, Mino Steiner, che non fecero ritorno. Scrive Belgojoso in una sua famosa poesia da quell\u2019inferno (recentemente presente a Reggio Emilia in una <a rel=\"noreferrer noopener\" href=\"https:\/\/www.palazzomagnani.it\/exhibition\/licalbe-steiner\/\" target=\"_blank\">mostra dedicata alla coppia Lica e Albe Steiner<\/a>):<\/p>\n\n\n\n<blockquote class=\"wp-block-quote is-layout-flow wp-block-quote-is-layout-flow\"><p><em>Ho fame, non mi date da mangiare,<br>Ho sete, non mi date da bere,<br>Ho freddo, non mi date da vestire,<br>Ho sonno, non mi lasciate dormire!<br>Sono stanco, mi fate lavorare,<br>sono sfinito, mi fate trascinare<br>un compagno morto per i piedi,<br>con le caviglie gonfie e la testa<br>che sobbalza sulla terra<br>con gli occhi spalancati\u2026<br>Ma ho potuto pensare una casa<br>in cima a uno scoglio sul mare<br>proporzionata come un tempio antico.<\/em><br><br><em>Sono felice: non mi avrete.<\/em><br><br>(Gusen, 1945)<\/p><\/blockquote>\n\n\n\n<p>Malattie e stress ci accompagnano, chi pi\u00f9 chi meno, durante tutta la vita, tanto che la salute oggi non \u00e8 pi\u00f9, come un tempo, identificata come l\u2019assenza di malattia, cio\u00e8 una dimensione statica dell\u2019essere, ma come una capacit\u00e0 di adattamento, un processo di ricerca di un equilibrio dinamico, in continuo mutamento.<br>Quali sono allora i fattori che concorrono allo sviluppo del senso di coerenza? Oltre a diversi fattori socio-economici (un lavoro appagante, il riconoscimento sociale, la sicurezza economica), la cultura (l\u2019arte in particolare) riveste un ruolo determinante. Tutte le risorse culturali a cui possiamo attingere non solo in termini di fruizione (ad esempio visitare un museo, andare al cinema o a teatro) ma soprattutto sotto forma di partecipazione attiva (imparare a suonare uno strumento musicale, esprimersi nella danza, frequentare corsi di pittura o di produzione artistica, percorsi attivi nei luoghi dell\u2019arte e della storia) concorrono nel tempo, auspicabilmente fin dalla scuola dell\u2019infanzia, ad\u00a0<strong>edificare un patrimonio simbolico-spirituale a supporto della nostra idea di\u00a0<em>unit\u00e0-della-persona<\/em><\/strong>\u00a0e a sviluppare attitudine alla resilienza, oltre che capacit\u00e0 relazionali e sociali di qualit\u00e0. Evidenze scientifiche e statistiche indicano ormai inequivocabilmente che\u00a0<strong>cultura e arte non hanno nulla a che fare con il tempo libero<\/strong>, piuttosto invece con la salute, il benessere e lo sviluppo integrale delle persone. Indirettamente, ma con peso crescente, anche con l\u2019economia, sotto almeno tre punti di vista: la cultura \u00e8 un settore produttivo in grado di legarsi non solo al turismo ma anche all\u2019educazione, al welfare e alla sanit\u00e0; la cultura produce un impatto economico significativo, sia per indotto generato (ogni euro speso dalla Fondazione Palazzo Magnani genera circa 4 euro per la citt\u00e0), sia in termini di <strong>risparmi di costo sulla spesa pubblica di welfare e sanit\u00e0<\/strong>; persone culturalmente attive sono persone pi\u00f9 sane e soddisfatte, dunque pi\u00f9 produttive, pi\u00f9 creative e orientate alla risoluzione dei problemi piuttosto che alla loro generazione. Tutta la storia della <strong>Olivetti<\/strong> di Ivrea \u00e8 costellata di richiami a  queste evidenze.<\/p>\n\n\n\n<p>Alla luce di quanto detto, ritengo sia proprio in questa intuizione profondamente salutogenica l\u2019eredit\u00e0 pi\u00f9 significativa dell\u2019esperienza dell\u2019Ars Canusina: la pratica artistica applicata a forme archetipiche particolarmente salutari (ma qui si aprirebbe un&#8217;altra porta che ci porterebbe lontano) come leva di sviluppo di forze di salute, una pratica che pu\u00f2 accompagnare l\u2019uomo durante tutta la vita, in qualunque condizione di salute si trovi.<br>La sfida del secolo in cui siamo da poco entrati sar\u00e0 proprio quella di <strong>ricomporre la frattura<\/strong> tra le discipline scientifiche e artistiche, tra le scienze della natura e le scienze dello spirito, ricomponendo cos\u00ec nello stesso tempo&nbsp;<strong>un\u2019idea coerente e unitaria dell\u2019essere umano<\/strong>, composto di&nbsp;<strong>corpo<\/strong>,&nbsp;<strong>anima<\/strong>&nbsp;e&nbsp;<strong>spirito<\/strong>, fornendo alla medicina, all\u2019educazione, al welfare, alle scienze sociali ed economiche leve nuove, strumenti innovativi di pensiero e azione concreta. In questo senso la lezione di Maria Bertolani Del Rio sar\u00e0 allora certamente riconosciuta come una di quelle intuizioni inattuali che hanno aperto una strada e indicato una via per il futuro.<\/p>\n","protected":false},"excerpt":{"rendered":"<p>Nel novembre del 2019 La Fondazione Palazzo Magnani ha prodotto una mostra sull\u2019ornamento,&nbsp;What a Wonderful World. La lunga storia dell\u2019ornamento tra arte e natura, spaziando&#8230;<\/p>\n","protected":false},"author":3,"featured_media":1288,"comment_status":"open","ping_status":"closed","sticky":false,"template":"","format":"standard","meta":{"footnotes":""},"categories":[21],"tags":[30,49],"class_list":["post-1253","post","type-post","status-publish","format-standard","has-post-thumbnail","hentry","category-crescere","tag-salutogenesi","tag-san-lazzaro"],"_links":{"self":[{"href":"https:\/\/www.palazzomagnani.it\/mag\/wp-json\/wp\/v2\/posts\/1253","targetHints":{"allow":["GET"]}}],"collection":[{"href":"https:\/\/www.palazzomagnani.it\/mag\/wp-json\/wp\/v2\/posts"}],"about":[{"href":"https:\/\/www.palazzomagnani.it\/mag\/wp-json\/wp\/v2\/types\/post"}],"author":[{"embeddable":true,"href":"https:\/\/www.palazzomagnani.it\/mag\/wp-json\/wp\/v2\/users\/3"}],"replies":[{"embeddable":true,"href":"https:\/\/www.palazzomagnani.it\/mag\/wp-json\/wp\/v2\/comments?post=1253"}],"version-history":[{"count":37,"href":"https:\/\/www.palazzomagnani.it\/mag\/wp-json\/wp\/v2\/posts\/1253\/revisions"}],"predecessor-version":[{"id":1307,"href":"https:\/\/www.palazzomagnani.it\/mag\/wp-json\/wp\/v2\/posts\/1253\/revisions\/1307"}],"wp:featuredmedia":[{"embeddable":true,"href":"https:\/\/www.palazzomagnani.it\/mag\/wp-json\/wp\/v2\/media\/1288"}],"wp:attachment":[{"href":"https:\/\/www.palazzomagnani.it\/mag\/wp-json\/wp\/v2\/media?parent=1253"}],"wp:term":[{"taxonomy":"category","embeddable":true,"href":"https:\/\/www.palazzomagnani.it\/mag\/wp-json\/wp\/v2\/categories?post=1253"},{"taxonomy":"post_tag","embeddable":true,"href":"https:\/\/www.palazzomagnani.it\/mag\/wp-json\/wp\/v2\/tags?post=1253"}],"curies":[{"name":"wp","href":"https:\/\/api.w.org\/{rel}","templated":true}]}}