{"id":865,"date":"2020-10-13T14:09:58","date_gmt":"2020-10-13T12:09:58","guid":{"rendered":"https:\/\/www.palazzomagnani.it\/mag\/?p=865"},"modified":"2020-10-17T12:13:36","modified_gmt":"2020-10-17T10:13:36","slug":"per-unetica-ed-una-estetica-della-sostenibilita","status":"publish","type":"post","link":"https:\/\/www.palazzomagnani.it\/mag\/per-unetica-ed-una-estetica-della-sostenibilita\/","title":{"rendered":"Per un&#8217;etica ed una estetica della sostenibilit\u00e0"},"content":{"rendered":"\n<p class=\"has-text-align-center\">(per Distretto Rurale collettivo arte e iniziativa concreta)&nbsp;<\/p>\n\n\n\n<figure class=\"wp-block-image alignfull size-large\"><img loading=\"lazy\" decoding=\"async\" width=\"1024\" height=\"685\" src=\"https:\/\/www.palazzomagnani.it\/mag\/wp-content\/uploads\/2020\/09\/Nicolini-01-1024x685.jpg\" alt=\"\" class=\"wp-image-867\" srcset=\"https:\/\/www.palazzomagnani.it\/mag\/wp-content\/uploads\/2020\/09\/Nicolini-01-1024x685.jpg 1024w, https:\/\/www.palazzomagnani.it\/mag\/wp-content\/uploads\/2020\/09\/Nicolini-01-300x201.jpg 300w, https:\/\/www.palazzomagnani.it\/mag\/wp-content\/uploads\/2020\/09\/Nicolini-01-768x514.jpg 768w, https:\/\/www.palazzomagnani.it\/mag\/wp-content\/uploads\/2020\/09\/Nicolini-01-1536x1028.jpg 1536w, https:\/\/www.palazzomagnani.it\/mag\/wp-content\/uploads\/2020\/09\/Nicolini-01.jpg 1920w\" sizes=\"auto, (max-width: 1024px) 100vw, 1024px\" \/><figcaption>Distretto Rurale collettivo iniziativa concreta, \u201c<em>Il senso della misura\u201d<\/em>\u201d, Varese, Chiostro di Voltorre, 2010<\/figcaption><\/figure>\n\n\n\n<blockquote class=\"wp-block-quote is-layout-flow wp-block-quote-is-layout-flow\"><p><em>&#8220;Stavo pascolando le pecore nella ginepraia del Corgnaleto.&nbsp;<\/em><br><em>Guardavo Rialbero e pensai: il Carducci trov\u00f2&nbsp;<\/em><br><em>molto bello e interessante questo impetuoso torrente.&nbsp;<\/em><br><em>Perch\u00e9 non provo anch&#8217;io a scrivere alcuni versi?&nbsp;<\/em><br><em>Nell&#8217;attento osservar, il verso viene.&#8221;&nbsp;<\/em><\/p><p>(Ettore Monelli, poeta-pastore&nbsp;<br>Collagna, 1907-1974)<\/p><\/blockquote>\n\n\n\n<p>Ettore Monelli, pastore, contadino e poeta, adolescente, si accompagnava con la voce, nei tempi infiniti della transumanza dei greggi, tra l&#8217;Appennino reggiano e la Maremma, formandosi con il nonno e gli adulti che lo istruivano nella lettura della Divina Commedia, della Gerusalemme Liberata e di altri classici, interpretati a memoria. Il verso felice di Monelli (\u00ab \u2026 <em>Ei corre vivo tra la pietra morta\/e mentre scende in basso\/ sbatte fra sasso e sasso\/schiuma di latte, pare che egli porta<\/em> \u2026 \u00bb) ci trasmette l&#8217;emozione necessaria ma, come accade alle espressioni pi\u00f9 significative, si fa metodo pedagogico, indicando le vie dell&#8217;osservazione del mondo, poi del disegno e della scrittura, che danno concretezza all&#8217;immaginazione, sino al necessario confronto con l&#8217;altro, a comporre un teatro che della vita possa restituire una immagine elevata. Potrebbero avviarsi da queste considerazioni alcuni interrogativi da cui ha tratto motivazione, costituendosi nel 2006, il collettivo <strong>Distretto Rurale\/arte e iniziativa concreta<\/strong>, con l&#8217;intento di coniugare tra loro, rappresentandoli tra territorio lombardo e provincia reggiana, esperienze estetiche e sensibilit\u00e0 rurale.\u00a0<\/p>\n\n\n\n<figure class=\"wp-block-image alignfull size-large\"><img loading=\"lazy\" decoding=\"async\" width=\"1024\" height=\"768\" src=\"https:\/\/www.palazzomagnani.it\/mag\/wp-content\/uploads\/2020\/09\/Nicolini-04-1024x768.jpg\" alt=\"\" class=\"wp-image-870\" srcset=\"https:\/\/www.palazzomagnani.it\/mag\/wp-content\/uploads\/2020\/09\/Nicolini-04-1024x768.jpg 1024w, https:\/\/www.palazzomagnani.it\/mag\/wp-content\/uploads\/2020\/09\/Nicolini-04-300x225.jpg 300w, https:\/\/www.palazzomagnani.it\/mag\/wp-content\/uploads\/2020\/09\/Nicolini-04-768x576.jpg 768w, https:\/\/www.palazzomagnani.it\/mag\/wp-content\/uploads\/2020\/09\/Nicolini-04-1536x1152.jpg 1536w, https:\/\/www.palazzomagnani.it\/mag\/wp-content\/uploads\/2020\/09\/Nicolini-04.jpg 1920w\" sizes=\"auto, (max-width: 1024px) 100vw, 1024px\" \/><figcaption>Distretto Rurale collettivo iniziativa concreta \u201c<em>Telescopio vegetale<\/em>\u201d, installazione permanente (esecuzione in cantiere)&nbsp;<br>Biennale del paesaggio, Parco di Roncolo, 2008<\/figcaption><\/figure>\n\n\n\n<p>Percepire la realt\u00e0 come adattamento utile allo &#8220;spettacolo&#8221; dischiude infatti un ampio campo di percorsi dalle cospicue potenzialit\u00e0, di cui la cultura rurale tradizionale pu\u00f2 farsi metafora convincente, favorendo la riflessione sul mondo, sull&#8217;uomo, sul senso dell&#8217;esistenza e sul suo rapporto con la Natura. L&#8217;idea di un disegno connesso alla cultura rurale potrebbe contribuire ad un percorso di crescita e consapevolezza? I livelli emotivi e sottili, entro cui sarebbe svolta l&#8217;esperienza, troverebbero riferimenti nella condizione concreta e naturale della ruralit\u00e0 e del suo esteso ambiente? E quali apporti deriverebbero nell&#8217;associazione dei modi rurali con un&#8217;arte totale e coinvolgente, specchio di una vita estetica, ma soprattutto di un sentimento estetico delle cose, l&#8217;unico forse in grado di sottrarci alle dissonanze e agli squilibri del tempo contemporaneo?&nbsp;<\/p>\n\n\n\n<p>Sembra ora che solamente gli strumenti culturali materiali, immateriali e tecnologici influiscano, anche in modo congiunto, sull&#8217;ambiente sociale, segnando profondamente il sentire comune, favorendo nuovi profili e mentalit\u00e0.<\/p>\n\n\n\n<figure class=\"wp-block-image alignfull size-large\"><img loading=\"lazy\" decoding=\"async\" width=\"1024\" height=\"768\" src=\"https:\/\/www.palazzomagnani.it\/mag\/wp-content\/uploads\/2020\/09\/Nicolini-03-1024x768.jpg\" alt=\"\" class=\"wp-image-869\" srcset=\"https:\/\/www.palazzomagnani.it\/mag\/wp-content\/uploads\/2020\/09\/Nicolini-03-1024x768.jpg 1024w, https:\/\/www.palazzomagnani.it\/mag\/wp-content\/uploads\/2020\/09\/Nicolini-03-300x225.jpg 300w, https:\/\/www.palazzomagnani.it\/mag\/wp-content\/uploads\/2020\/09\/Nicolini-03-768x576.jpg 768w, https:\/\/www.palazzomagnani.it\/mag\/wp-content\/uploads\/2020\/09\/Nicolini-03-1536x1152.jpg 1536w, https:\/\/www.palazzomagnani.it\/mag\/wp-content\/uploads\/2020\/09\/Nicolini-03.jpg 1920w\" sizes=\"auto, (max-width: 1024px) 100vw, 1024px\" \/><figcaption><br>Distretto Rurale collettivo iniziativa concreta \u201c<em>Telescopio vegetale<\/em>\u201d, installazione permanente (esecuzione in cantiere)&nbsp;<br>Biennale del paesaggio, Parco di Roncolo, 2008&nbsp;<\/figcaption><\/figure>\n\n\n\n<p>Occorrerebbe allora muovere in consonanza con questi elementi, approfondendo, stimolati dalla immediatezza creativa, dall&#8217;intuizione, meglio se qualificata dal dato specifico di una fedelt\u00e0 assoluta alla Terra. Avviene poi che nei periodi storici contrassegnati dalle atmosfere di crisi e di malessere, si rafforzi la ricerca di risposte in merito ai temi della persona, dell&#8217;individualit\u00e0, dei limiti e delle possibilit\u00e0 e davvero la ruralit\u00e0 potrebbe costituirsi in paradigma, in percorso etico, nel prefiggersi sia la sostenibilit\u00e0 della produzione che l\u2019attitudine ad aprirsi ad ogni \u201cprocesso\u201d che possa contribuire al rinnovamento delle forme socio-economiche ed anche di quelle politiche.&nbsp;<\/p>\n\n\n\n<p>L\u2019idea di una modalit\u00e0 estetica, quindi, nell\u2019assumere, se possibile, ruoli persino pi\u00f9 opportuni rispetto ad un&#8217;arte depotenziata dalla mercificazione e ad una cultura sempre pi\u00f9 prossima ad una visione industriale del consumo culturale.<\/p>\n\n\n\n<p>&nbsp;<\/p>\n","protected":false},"excerpt":{"rendered":"<p>(per Distretto Rurale collettivo arte e iniziativa concreta)&nbsp; &#8220;Stavo pascolando le pecore nella ginepraia del Corgnaleto.&nbsp;Guardavo Rialbero e pensai: il Carducci trov\u00f2&nbsp;molto bello e interessante&#8230;<\/p>\n","protected":false},"author":13,"featured_media":867,"comment_status":"open","ping_status":"closed","sticky":false,"template":"","format":"standard","meta":{"footnotes":""},"categories":[22],"tags":[],"class_list":["post-865","post","type-post","status-publish","format-standard","has-post-thumbnail","hentry","category-costruire"],"_links":{"self":[{"href":"https:\/\/www.palazzomagnani.it\/mag\/wp-json\/wp\/v2\/posts\/865","targetHints":{"allow":["GET"]}}],"collection":[{"href":"https:\/\/www.palazzomagnani.it\/mag\/wp-json\/wp\/v2\/posts"}],"about":[{"href":"https:\/\/www.palazzomagnani.it\/mag\/wp-json\/wp\/v2\/types\/post"}],"author":[{"embeddable":true,"href":"https:\/\/www.palazzomagnani.it\/mag\/wp-json\/wp\/v2\/users\/13"}],"replies":[{"embeddable":true,"href":"https:\/\/www.palazzomagnani.it\/mag\/wp-json\/wp\/v2\/comments?post=865"}],"version-history":[{"count":5,"href":"https:\/\/www.palazzomagnani.it\/mag\/wp-json\/wp\/v2\/posts\/865\/revisions"}],"predecessor-version":[{"id":874,"href":"https:\/\/www.palazzomagnani.it\/mag\/wp-json\/wp\/v2\/posts\/865\/revisions\/874"}],"wp:featuredmedia":[{"embeddable":true,"href":"https:\/\/www.palazzomagnani.it\/mag\/wp-json\/wp\/v2\/media\/867"}],"wp:attachment":[{"href":"https:\/\/www.palazzomagnani.it\/mag\/wp-json\/wp\/v2\/media?parent=865"}],"wp:term":[{"taxonomy":"category","embeddable":true,"href":"https:\/\/www.palazzomagnani.it\/mag\/wp-json\/wp\/v2\/categories?post=865"},{"taxonomy":"post_tag","embeddable":true,"href":"https:\/\/www.palazzomagnani.it\/mag\/wp-json\/wp\/v2\/tags?post=865"}],"curies":[{"name":"wp","href":"https:\/\/api.w.org\/{rel}","templated":true}]}}